{"id":10269,"date":"2025-05-09T04:29:53","date_gmt":"2025-05-09T08:29:53","guid":{"rendered":"https:\/\/celebritemag.com\/?p=10269"},"modified":"2025-05-09T04:29:53","modified_gmt":"2025-05-09T08:29:53","slug":"habemus-papam-robert-francis-prevost-elegido-nuevo-papa","status":"publish","type":"post","link":"https:\/\/celebritemag.com\/es\/habemus-papam-robert-francis-prevost-elegido-nuevo-papa\/","title":{"rendered":"\u00a1Habemus Papam! \u00a1Robert Francis Prevost elegido nuevo papa!"},"content":{"rendered":"<article class=\"text-token-text-primary w-full\" dir=\"auto\" data-testid=\"conversation-turn-8\" data-scroll-anchor=\"true\">\n<div class=\"text-base my-auto mx-auto py-5 [--thread-content-margin:--spacing(4)] @[37rem]:[--thread-content-margin:--spacing(6)] @[72rem]:[--thread-content-margin:--spacing(16)] px-(--thread-content-margin)\">\n<div class=\"[--thread-content-max-width:32rem] @[34rem]:[--thread-content-max-width:40rem] @[64rem]:[--thread-content-max-width:48rem] mx-auto flex max-w-(--thread-content-max-width) flex-1 text-base gap-4 md:gap-5 lg:gap-6 group\/turn-messages focus-visible:outline-hidden\" tabindex=\"-1\">\n<div class=\"group\/conversation-turn relative flex w-full min-w-0 flex-col agent-turn\">\n<div class=\"relative flex-col gap-1 md:gap-3\">\n<div class=\"flex justify-start\">\n<div class=\"touch:-me-2 touch:-ms-3.5 -ms-2.5 -me-1 flex items-center p-1 select-none -mt-1 duration-[1.5s] focus-within:transition-none hover:transition-none pointer-events-none [mask-image:linear-gradient(to_right,black_33%,transparent_66%)] [mask-position:100%_0%] [mask-size:300%_100%] motion-safe:transition-[mask-position] group-hover\/turn-messages:pointer-events-auto group-hover\/turn-messages:[mask-position:0_0] group-focus-within\/turn-messages:pointer-events-auto group-focus-within\/turn-messages:[mask-position:0_0] has-data-[state=open]:pointer-events-auto has-data-[state=open]:[mask-position:0_0]\">\n<article class=\"text-token-text-primary w-full\" dir=\"auto\" data-testid=\"conversation-turn-8\" data-scroll-anchor=\"true\">\n<div class=\"text-base my-auto mx-auto py-5 [--thread-content-margin:--spacing(4)] @[37rem]:[--thread-content-margin:--spacing(6)] @[72rem]:[--thread-content-margin:--spacing(16)] px-(--thread-content-margin)\">\n<div class=\"[--thread-content-max-width:32rem] @[34rem]:[--thread-content-max-width:40rem] @[64rem]:[--thread-content-max-width:48rem] mx-auto flex max-w-(--thread-content-max-width) flex-1 text-base gap-4 md:gap-5 lg:gap-6 group\/turn-messages focus-visible:outline-hidden\" tabindex=\"-1\">\n<div class=\"group\/conversation-turn relative flex w-full min-w-0 flex-col agent-turn\">\n<div class=\"relative flex-col gap-1 md:gap-3\">\n<div class=\"flex max-w-full flex-col grow\">\n<div class=\"min-h-8 text-message relative flex w-full flex-col items-end gap-2 text-start break-words whitespace-normal [.text-message+&amp;]:mt-5\" dir=\"auto\" data-message-author-role=\"assistant\" data-message-id=\"8fd06657-5cce-48f4-8689-8e1c4459fa36\" data-message-model-slug=\"gpt-4o\">\n<div class=\"flex w-full flex-col gap-1 empty:hidden first:pt-[3px]\">\n<div class=\"markdown prose dark:prose-invert w-full break-words dark\">\n<p class=\"\" data-start=\"0\" data-end=\"288\">El 8 de mayo de 2025, el humo blanco se elev\u00f3 sobre la Capilla Sixtina, anunciando la elecci\u00f3n del cardenal estadounidense Robert Francis Prevost como nuevo Sumo Pont\u00edfice. A los 69 a\u00f1os, Prevost se convierte en el primer papa originario de los Estados Unidos, sucediendo a Francisco.<\/p>\n<p class=\"\" data-start=\"290\" data-end=\"611\">Nacido el 14 de septiembre de 1955 en Chicago, Illinois, Prevost fue ordenado sacerdote en 1982. Se uni\u00f3 a la Orden de San Agust\u00edn y sirvi\u00f3 como misionero en Per\u00fa durante varios a\u00f1os. En 2014, fue nombrado obispo de Chiclayo, en Per\u00fa, antes de ser llamado a Roma en 2023 para dirigir la Congregaci\u00f3n para los Obispos.<\/p>\n<p class=\"\" data-start=\"0\" data-end=\"261\">Conocido por su compromiso con la justicia social y su experiencia pastoral en Am\u00e9rica Latina, Prevost aporta una perspectiva global al papado. Su elecci\u00f3n es percibida como un signo de apertura y de continuidad con las reformas iniciadas por su predecesor.<\/p>\n<p class=\"\" data-start=\"263\" data-end=\"404\">La Plaza de San Pedro acogi\u00f3 con emoci\u00f3n el anuncio de \u00abHabemus Papam\u00bb, marcando el inicio de un nuevo cap\u00edtulo para la Iglesia cat\u00f3lica.<\/p>\n<\/div>\n<\/div>\n<\/div>\n<\/div>\n<\/div>\n<\/div>\n<\/div>\n<\/div>\n<\/article>\n<\/div>\n<\/div>\n<\/div>\n<\/div>\n<\/div>\n<\/div>\n<\/article>\n","protected":false},"excerpt":{"rendered":"<p>El 8 de mayo de 2025, el humo blanco se elev\u00f3 sobre la Capilla Sixtina, anunciando la elecci\u00f3n del cardenal estadounidense Robert Francis Prevost como nuevo Sumo Pont\u00edfice. A los 69 a\u00f1os, Prevost se convierte en el primer papa originario de los Estados Unidos, sucediendo a Francisco. Nacido el 14 de septiembre de 1955 en [&hellip;]<\/p>\n","protected":false},"author":23,"featured_media":10262,"comment_status":"open","ping_status":"open","sticky":false,"template":"","format":"standard","meta":{"jnews-multi-image_gallery":[],"jnews_single_post":{"subtitle":"","format":"standard","override":[{"template":"1","parallax":"1","fullscreen":"1","layout":"right-sidebar","sidebar":"default-sidebar","second_sidebar":"default-sidebar","sticky_sidebar":"1","share_position":"float","share_float_style":"share-normal","show_share_counter":"1","show_view_counter":"1","show_featured":"1","show_post_meta":"1","show_post_author":"1","show_post_author_image":"1","show_post_date":"1","post_date_format":"default","post_date_format_custom":"Y\/m\/d","show_post_category":"1","show_post_reading_time":"0","post_reading_time_wpm":"300","post_calculate_word_method":"str_word_count","show_zoom_button":"0","zoom_button_out_step":"2","zoom_button_in_step":"3","show_post_tag":"1","show_popup_post":"1","number_popup_post":"1","show_post_related":"1","show_inline_post_related":"1"}],"image_override":[{"single_post_thumbnail_size":"crop-500","single_post_gallery_size":"crop-500"}],"trending_post_position":"meta","trending_post_label":"Trending","sponsored_post_label":"Sponsored by","disable_ad":"0"},"jnews_primary_category":[],"jnews_social_meta":[],"jnews_override_counter":{"view_counter_number":"0","share_counter_number":"0","like_counter_number":"0","dislike_counter_number":"0"},"footnotes":""},"categories":[1353],"tags":[1354],"class_list":["post-10269","post","type-post","status-publish","format-standard","has-post-thumbnail","hentry","category-religion-es","tag-robert-francis-prevost-es"],"_links":{"self":[{"href":"https:\/\/celebritemag.com\/es\/wp-json\/wp\/v2\/posts\/10269","targetHints":{"allow":["GET"]}}],"collection":[{"href":"https:\/\/celebritemag.com\/es\/wp-json\/wp\/v2\/posts"}],"about":[{"href":"https:\/\/celebritemag.com\/es\/wp-json\/wp\/v2\/types\/post"}],"author":[{"embeddable":true,"href":"https:\/\/celebritemag.com\/es\/wp-json\/wp\/v2\/users\/23"}],"replies":[{"embeddable":true,"href":"https:\/\/celebritemag.com\/es\/wp-json\/wp\/v2\/comments?post=10269"}],"version-history":[{"count":1,"href":"https:\/\/celebritemag.com\/es\/wp-json\/wp\/v2\/posts\/10269\/revisions"}],"predecessor-version":[{"id":10271,"href":"https:\/\/celebritemag.com\/es\/wp-json\/wp\/v2\/posts\/10269\/revisions\/10271"}],"wp:featuredmedia":[{"embeddable":true,"href":"https:\/\/celebritemag.com\/es\/wp-json\/wp\/v2\/media\/10262"}],"wp:attachment":[{"href":"https:\/\/celebritemag.com\/es\/wp-json\/wp\/v2\/media?parent=10269"}],"wp:term":[{"taxonomy":"category","embeddable":true,"href":"https:\/\/celebritemag.com\/es\/wp-json\/wp\/v2\/categories?post=10269"},{"taxonomy":"post_tag","embeddable":true,"href":"https:\/\/celebritemag.com\/es\/wp-json\/wp\/v2\/tags?post=10269"}],"curies":[{"name":"wp","href":"https:\/\/api.w.org\/{rel}","templated":true}]}}